{"id":527,"date":"2025-10-25T12:10:21","date_gmt":"2025-10-25T12:10:21","guid":{"rendered":"https:\/\/aikido-sindelfingen.de\/?p=527"},"modified":"2025-10-27T16:42:32","modified_gmt":"2025-10-27T16:42:32","slug":"pruefungsmarathon-im-aikido","status":"publish","type":"post","link":"https:\/\/aikido-sindelfingen.de\/?p=527","title":{"rendered":"Pr\u00fcfungsmarathon im Aikido"},"content":{"rendered":"\n<p>Zum Schuljahresende ist die Pr\u00fcfungsvorbereitung auf die n\u00e4chst h\u00f6here Graduierung &#8211; umgangssprachlich &#8222;n\u00e4chster G\u00fcrtel&#8220; genannt &#8211; abgeschlossen.<\/p>\n\n\n\n<p>Zwar geht man im Aikido seinen Weg in der eigenen Geschwindigkeit, trotzdem ist im Juli eine gr\u00f6\u00dfere Pr\u00fcfungsdichte als in jedem anderen Monat zu vermerken.<\/p>\n\n\n\n<p>Nun er\u00f6ffnet sich die Frage, von welcher Pr\u00fcfung soll berichtet werden? Die erste auf wei\u00dfgelb &#8211; man hat sowas noch nie gemacht, ist aufgeregt, alles ist neu. Oder die, aus der Perspektive des Vereins,&nbsp;h\u00f6chste? Hier kann es sich durchaus um eine h\u00f6here Dan Pr\u00fcfung handeln.<\/p>\n\n\n\n<p>F\u00fcr jeden Aikidoka ist wohl SEINE Pr\u00fcfung die wichtigste &#8211; eine Dokumentation \u00fcber den pers\u00f6nlichen Fortschritt, ein Zeichen des Entwickelns und K\u00f6nnens.<\/p>\n\n\n\n<p>Wir schauen auf Dominik Miller &#8211; ja, er ist auf fast jedem Foto zu entdecken. Einerseits als Trainer, der seine Sch\u00fctzlinge auf deren n\u00e4chste Pr\u00fcfung vorbereitet, andererseits als Pr\u00fcfling, der seine Kenntnisse vor dem Pr\u00fcfungskomitee pr\u00e4sentiert.<\/p>\n\n\n\n<figure class=\"wp-block-image size-large\"><img loading=\"lazy\" decoding=\"async\" width=\"1024\" height=\"899\" src=\"https:\/\/aikido-sindelfingen.de\/wp-content\/uploads\/2025\/09\/DAN-Pruefung_Oliver_Thorsten_Dominik_-1024x899.jpg\" alt=\"\" class=\"wp-image-535\" srcset=\"https:\/\/aikido-sindelfingen.de\/wp-content\/uploads\/2025\/09\/DAN-Pruefung_Oliver_Thorsten_Dominik_-1024x899.jpg 1024w, https:\/\/aikido-sindelfingen.de\/wp-content\/uploads\/2025\/09\/DAN-Pruefung_Oliver_Thorsten_Dominik_-300x263.jpg 300w, https:\/\/aikido-sindelfingen.de\/wp-content\/uploads\/2025\/09\/DAN-Pruefung_Oliver_Thorsten_Dominik_-768x674.jpg 768w, https:\/\/aikido-sindelfingen.de\/wp-content\/uploads\/2025\/09\/DAN-Pruefung_Oliver_Thorsten_Dominik_.jpg 1039w\" sizes=\"auto, (max-width: 767px) 89vw, (max-width: 1000px) 54vw, (max-width: 1071px) 543px, 580px\" \/><figcaption class=\"wp-element-caption\">Die Pr\u00fcflinge Thorsten und Oliver (beide 2. Dan) und Dominik (1. Dan). Hinten die drei Pr\u00fcfer Sebastian, Martin und Christian sowie beisiztendem Mario.<\/figcaption><\/figure>\n\n\n\n<p>Die Kombination Lehrer und Lernender ist nicht nur im Aikido wichtig. Wie zeigt sich besser, ob man eine Sache kann, als beim erkl\u00e4renden Vermitteln?<\/p>\n\n\n\n<p>Und wie man sieht hat das Dominik sehr gut getan.<\/p>\n\n\n\n<p>W\u00e4hrend seiner Pr\u00fcfung &#8211; da es hierzu mehrere hochrangige pr\u00fcfungsberechtigte Dane ben\u00f6tigt &#8211; fand sie im Bundesleistungszentrum Herzogen Horn statt &#8211; ging es f\u00fcr Dominik richtig zur Sache.<\/p>\n\n\n\n<p>Zuerst die \u00dcberpr\u00fcfung &#8211; man zeigt alle Techniken, die f\u00fcr die vorherigen Graduierungen pr\u00fcfungsrelevant sind. Hier trennt sich f\u00fcr viele bereits das Spreu vom Weizen, und die Pr\u00fcfung ist zu ende. (Nicht f\u00fcr Dominik)&nbsp;<\/p>\n\n\n\n<p class=\"has-text-align-left\">Anschlie\u00dfend ist &#8211; ab dem 2. Kyu &#8211; ein Randori an der Reihe. Hier wird nur gesagt, welche Angriffe oder welche Ausf\u00fchrungsformen anzuwenden sind. Dies dauert etwa 1 Minute (die sehr lang sein kann) und endet zwingend mit einer Haltetechnik am Boden. Ab dem 1. Dan kommt noch eine Kata hinzu. Das ist sozusagen die Sch\u00f6nschrift.&nbsp; Hier ist der Bewegungsablauf hinsichtlich Ausf\u00fchrung und Zeitablauf detailliert festgelegt. Jede Bewegung ist exakt definiert und muss entsprechend penibel ausgef\u00fchrt werden. Die erste Kata ist noch ohne Waffen, was sich sp\u00e4ter \u00e4ndert.<\/p>\n\n\n\n<p>Zuvor im heimischen Dojo begann der Pr\u00fcfungs-Marathon in der Montagsgruppe.<\/p>\n\n\n\n<figure class=\"wp-block-image size-large wp-duotone-unset-1\"><img loading=\"lazy\" decoding=\"async\" width=\"1024\" height=\"753\" src=\"https:\/\/aikido-sindelfingen.de\/wp-content\/uploads\/2025\/09\/Montag_Kinder_Noel_Lars_Tim-1024x753.jpg\" alt=\"\" class=\"wp-image-531\" srcset=\"https:\/\/aikido-sindelfingen.de\/wp-content\/uploads\/2025\/09\/Montag_Kinder_Noel_Lars_Tim-1024x753.jpg 1024w, https:\/\/aikido-sindelfingen.de\/wp-content\/uploads\/2025\/09\/Montag_Kinder_Noel_Lars_Tim-300x221.jpg 300w, https:\/\/aikido-sindelfingen.de\/wp-content\/uploads\/2025\/09\/Montag_Kinder_Noel_Lars_Tim-768x565.jpg 768w, https:\/\/aikido-sindelfingen.de\/wp-content\/uploads\/2025\/09\/Montag_Kinder_Noel_Lars_Tim-1536x1130.jpg 1536w, https:\/\/aikido-sindelfingen.de\/wp-content\/uploads\/2025\/09\/Montag_Kinder_Noel_Lars_Tim-2048x1506.jpg 2048w\" sizes=\"auto, (max-width: 767px) 89vw, (max-width: 1000px) 54vw, (max-width: 1071px) 543px, 580px\" \/><figcaption class=\"wp-element-caption\">Noel, Lars und Tim (alle 5. Kyu) nach der Pr\u00fcfung. Mit den Kindertrainern Klaus und Lilo.<\/figcaption><\/figure>\n\n\n\n<p>Hier stellten sich Noel, Lars und Tim der Pr\u00fcfung zum 5. Kyu. Ganz deutlich zeigte sich die unterschiedliche Motivation und der Flei\u00df der Pr\u00fcflinge, sowie Durchhalteverm\u00f6gen.<\/p>\n\n\n\n<p>Besonders deutlich wurde, dass die Vorbereitung auf die \u00dcberpr\u00fcfung weniger im Fokus stand als das Erlernen der neuen Techniken.<\/p>\n\n\n\n<p>Andreas betonte bei der \u00dcbergabe der Urkunden, dass die Festigung und Vertiefung der Techniken in den n\u00e4chsten Trainingseinheiten nachgeholt werden muss.<\/p>\n\n\n\n<p>Am folgenden Freitag waren als erstes die Erwachsenen zur Pr\u00fcfung angemeldet.<\/p>\n\n\n\n<figure class=\"wp-block-image size-large\"><img loading=\"lazy\" decoding=\"async\" width=\"1024\" height=\"814\" src=\"https:\/\/aikido-sindelfingen.de\/wp-content\/uploads\/2025\/10\/Freitag_Erwachsene_Petar_Leon-1024x814.jpg\" alt=\"\" class=\"wp-image-539\" srcset=\"https:\/\/aikido-sindelfingen.de\/wp-content\/uploads\/2025\/10\/Freitag_Erwachsene_Petar_Leon-1024x814.jpg 1024w, https:\/\/aikido-sindelfingen.de\/wp-content\/uploads\/2025\/10\/Freitag_Erwachsene_Petar_Leon-300x238.jpg 300w, https:\/\/aikido-sindelfingen.de\/wp-content\/uploads\/2025\/10\/Freitag_Erwachsene_Petar_Leon-768x610.jpg 768w, https:\/\/aikido-sindelfingen.de\/wp-content\/uploads\/2025\/10\/Freitag_Erwachsene_Petar_Leon-1536x1221.jpg 1536w, https:\/\/aikido-sindelfingen.de\/wp-content\/uploads\/2025\/10\/Freitag_Erwachsene_Petar_Leon-2048x1627.jpg 2048w\" sizes=\"auto, (max-width: 767px) 89vw, (max-width: 1000px) 54vw, (max-width: 1071px) 543px, 580px\" \/><figcaption class=\"wp-element-caption\">Petar (1. Kyu) und Leon (2. Kyu) mit den Pr\u00fcfern Georg und Andreas.<\/figcaption><\/figure>\n\n\n\n<p>Leon auf den 2. Kyu und Petar auf den 1. Kyu. Als Pr\u00fcfer war Hans-Georg aus dem Aikidoverein B\u00f6blingen eingeladen. Hier ging es schon etwas kr\u00e4fteraubender zur Sache, was die beiden Pr\u00fcflinge doch etwas untersch\u00e4tzt hatten, da sie sich gegenseitig bei Pr\u00fcfung als Uke (Angreifer) zur Verf\u00fcgung standen. Die Alternative ist, dass jeder Pr\u00fcfling einen eigenen Uke hat, so dass parallel gepr\u00fcft werden kann und man auch gelegentliche Atempausen hat.<\/p>\n\n\n\n<p>Trotz dieses Non-Stopp-Programms konnten alle Aufgaben zur Zufriedenheit des Pr\u00fcfers gezeigt werden.<\/p>\n\n\n\n<figure class=\"wp-block-image size-large\"><img loading=\"lazy\" decoding=\"async\" width=\"1024\" height=\"689\" src=\"https:\/\/aikido-sindelfingen.de\/wp-content\/uploads\/2025\/10\/Freitag_Jugendliche_Lilo_Hanna-1024x689.jpg\" alt=\"\" class=\"wp-image-538\" srcset=\"https:\/\/aikido-sindelfingen.de\/wp-content\/uploads\/2025\/10\/Freitag_Jugendliche_Lilo_Hanna-1024x689.jpg 1024w, https:\/\/aikido-sindelfingen.de\/wp-content\/uploads\/2025\/10\/Freitag_Jugendliche_Lilo_Hanna-300x202.jpg 300w, https:\/\/aikido-sindelfingen.de\/wp-content\/uploads\/2025\/10\/Freitag_Jugendliche_Lilo_Hanna-768x517.jpg 768w, https:\/\/aikido-sindelfingen.de\/wp-content\/uploads\/2025\/10\/Freitag_Jugendliche_Lilo_Hanna-1536x1033.jpg 1536w, https:\/\/aikido-sindelfingen.de\/wp-content\/uploads\/2025\/10\/Freitag_Jugendliche_Lilo_Hanna-2048x1378.jpg 2048w\" sizes=\"auto, (max-width: 767px) 89vw, (max-width: 1000px) 54vw, (max-width: 1071px) 543px, 580px\" \/><figcaption class=\"wp-element-caption\">Lilo (3. Kyu) und Hanna (4. Kyu) mit den Jugendtrainern Petar und Dominik sowie dem Pr\u00fcfer Andreas<\/figcaption><\/figure>\n\n\n\n<p>Die darauffolgende Pr\u00fcfung der Jugendlichen konnte Andreas wieder \u00fcbernehmen. Hier standen Hanna zum 4. Kyu und Lilo zum 3. Kyu auf der Matte. Auch hier waren sie sich gegenseitig Uke &#8211; hatten aber eine k\u00fcrzere \u00dcberpr\u00fcfung, die sie im Handumdrehen und mit Bravour erledigten ebenso wie die eigentliche Pr\u00fcfung.<\/p>\n\n\n\n<figure class=\"wp-block-image size-large\"><img loading=\"lazy\" decoding=\"async\" width=\"1024\" height=\"869\" src=\"https:\/\/aikido-sindelfingen.de\/wp-content\/uploads\/2025\/09\/Freitag_Jugendliche_Julia-1024x869.jpg\" alt=\"\" class=\"wp-image-534\" srcset=\"https:\/\/aikido-sindelfingen.de\/wp-content\/uploads\/2025\/09\/Freitag_Jugendliche_Julia-1024x869.jpg 1024w, https:\/\/aikido-sindelfingen.de\/wp-content\/uploads\/2025\/09\/Freitag_Jugendliche_Julia-300x255.jpg 300w, https:\/\/aikido-sindelfingen.de\/wp-content\/uploads\/2025\/09\/Freitag_Jugendliche_Julia-768x652.jpg 768w, https:\/\/aikido-sindelfingen.de\/wp-content\/uploads\/2025\/09\/Freitag_Jugendliche_Julia-1536x1304.jpg 1536w, https:\/\/aikido-sindelfingen.de\/wp-content\/uploads\/2025\/09\/Freitag_Jugendliche_Julia.jpg 1961w\" sizes=\"auto, (max-width: 767px) 89vw, (max-width: 1000px) 54vw, (max-width: 1071px) 543px, 580px\" \/><figcaption class=\"wp-element-caption\">Uke Leon und Julia (3. Kyu) mit dem Pr\u00fcfer Andreas und Jugendtrainer Dominik<\/figcaption><\/figure>\n\n\n\n<p>Der letzte Freitag vor den Ferien war f\u00fcr Julia auf den 3. Kyu reserviert, sie hatte ihren Bruder Leon (der wieder bei Kr\u00e4ften war) als Uke dabei. Da beide ein eingespieltes Team sind konnte Andreas nach kurzer Zeit die Urkunde zum Bestehen einer sehr guten Pr\u00fcfung \u00fcbergeben.<\/p>\n\n\n\n<p>Alle Pr\u00fcflinge k\u00f6nnen stolz auf ihre Leistungen sein und mit Recht ihre neue Farbe tragen. Herzliche Gratulation allen.&nbsp;<\/p>\n\n\n\n<p class=\"has-text-align-right has-small-font-size\">von Christina Bartel<\/p>\n","protected":false},"excerpt":{"rendered":"<p>Zum Schuljahresende ist die Pr\u00fcfungsvorbereitung auf die n\u00e4chst h\u00f6here Graduierung &#8211; umgangssprachlich &#8222;n\u00e4chster G\u00fcrtel&#8220; genannt &#8211; abgeschlossen. Zwar geht man im Aikido seinen Weg in der eigenen Geschwindigkeit, trotzdem ist im Juli eine gr\u00f6\u00dfere Pr\u00fcfungsdichte als in jedem anderen Monat zu vermerken. Nun er\u00f6ffnet sich die Frage, von welcher Pr\u00fcfung soll berichtet werden? Die erste &hellip; <\/p>\n<p class=\"link-more\"><a href=\"https:\/\/aikido-sindelfingen.de\/?p=527\" class=\"more-link\"><span class=\"screen-reader-text\">\u201ePr\u00fcfungsmarathon im Aikido\u201c <\/span>weiterlesen<\/a><\/p>\n","protected":false},"author":1,"featured_media":0,"comment_status":"closed","ping_status":"","sticky":false,"template":"","format":"standard","meta":{"footnotes":""},"categories":[3],"tags":[],"class_list":["post-527","post","type-post","status-publish","format-standard","hentry","category-pruefung"],"_links":{"self":[{"href":"https:\/\/aikido-sindelfingen.de\/index.php?rest_route=\/wp\/v2\/posts\/527","targetHints":{"allow":["GET"]}}],"collection":[{"href":"https:\/\/aikido-sindelfingen.de\/index.php?rest_route=\/wp\/v2\/posts"}],"about":[{"href":"https:\/\/aikido-sindelfingen.de\/index.php?rest_route=\/wp\/v2\/types\/post"}],"author":[{"embeddable":true,"href":"https:\/\/aikido-sindelfingen.de\/index.php?rest_route=\/wp\/v2\/users\/1"}],"replies":[{"embeddable":true,"href":"https:\/\/aikido-sindelfingen.de\/index.php?rest_route=%2Fwp%2Fv2%2Fcomments&post=527"}],"version-history":[{"count":5,"href":"https:\/\/aikido-sindelfingen.de\/index.php?rest_route=\/wp\/v2\/posts\/527\/revisions"}],"predecessor-version":[{"id":540,"href":"https:\/\/aikido-sindelfingen.de\/index.php?rest_route=\/wp\/v2\/posts\/527\/revisions\/540"}],"wp:attachment":[{"href":"https:\/\/aikido-sindelfingen.de\/index.php?rest_route=%2Fwp%2Fv2%2Fmedia&parent=527"}],"wp:term":[{"taxonomy":"category","embeddable":true,"href":"https:\/\/aikido-sindelfingen.de\/index.php?rest_route=%2Fwp%2Fv2%2Fcategories&post=527"},{"taxonomy":"post_tag","embeddable":true,"href":"https:\/\/aikido-sindelfingen.de\/index.php?rest_route=%2Fwp%2Fv2%2Ftags&post=527"}],"curies":[{"name":"wp","href":"https:\/\/api.w.org\/{rel}","templated":true}]}}