{"id":256,"date":"2020-07-21T17:26:29","date_gmt":"2020-07-21T17:26:29","guid":{"rendered":"https:\/\/aikido-sindelfingen.de\/?p=256"},"modified":"2020-07-22T16:35:55","modified_gmt":"2020-07-22T16:35:55","slug":"wie-geht-es-unseren-trainern","status":"publish","type":"post","link":"https:\/\/aikido-sindelfingen.de\/?p=256","title":{"rendered":"Wie geht es unseren Trainern?"},"content":{"rendered":"\n<p>Normalerweise stehe ich vorne im Training und unterrichte in den Kinder- und Zwergengruppen. Das macht mir viel Spa\u00df und ich denke, dass ich nach \u00fcber 20 Jahren auch eine gewisse Erfahrung darin habe.<\/p>\n\n\n\n<p>Die Gruppe der Jugendlichen wird gelegentlich von Andreas unterrichtet, aber \u00fcberwiegend von Michael. Er hat im Kindertraining bei mir mit Aikido angefangen, war dann mein Co-Trainer und hat inzwischen eine deutlich dunklere G\u00fcrtelfarbe als ich. Daher bin ich jetzt bei ihm im Training Co-Trainerin. In jedem Kinder- und Jugendtraining haben wir mindestens 2 Trainer auf der Matte &#8211; davon mindestens eine Frau und das nicht nur f\u00fcr die Quote \ud83d\ude09<\/p>\n\n\n\n<p>Nicht nur f\u00fcr die Teilnehmenden, auch f\u00fcr den Trainer gilt: Nur ein \u00dcbungspartner f\u00fcr das ganze Training. Dadurch werden die Kontakte auf ein Mindestma\u00df reduziert. <\/p>\n\n\n\n<p>Nach der langen Corona-Pause starteten wir mit den Basistechniken \u2013 dann regte Michael an, diese Techniken zu verkn\u00fcpfen. Es folgte eine unbekannte Ausf\u00fchrungsform. In einem &#8222;normalen&#8220; Training w\u00e4re Michael zu den Teilnehmern hingegangen, h\u00e4tte jedem die Technik individuell nochmal gezeigt und auch mit den Teilnehmern ge\u00fcbt: Denn dabei sp\u00fcrt man sofort, woran es hapert. Zugleich kann man w\u00e4hrenddessen auch als Trainer noch eine Menge lernen.<\/p>\n\n\n\n<p>Jetzt allerdings stand er am Rand unserer Trainer-Insel, erkl\u00e4rte anschaulich und zeigte an seinem &#8222;Dauer-Opfer&#8220; &#8211; mir -, wie die Hand verdreht, der Ellbogen kontrolliert wird oder die Arme verrenkt werden. Aber was tut man nicht alles f\u00fcr unsere Jugendgruppe. Da hie\u00df es dann pl\u00f6tzlich inmitten der Erkl\u00e4rung: &#8222;&#8230;Da nimmst du dann den Arm und&#8230; Christina!&#8220; Trotz der r\u00e4umlichen Distanz wird mit Herzblut, Begeisterung und Empathie unterrichtet.  Eine ganz neue Herausforderung f\u00fcr die Trainer!<\/p>\n\n\n\n<p>Aber auch f\u00fcr die Teilnehmenden jenseits der Mattenl\u00fccke ist diese Art der rein verbalen und mindestens 2 m entfernten visuellen Korrektur ungew\u00f6hnlich. Ob davon etwas auf der anderen Insel ankommt, berichten sie demn\u00e4chst.<\/p>\n","protected":false},"excerpt":{"rendered":"<p>Normalerweise stehe ich vorne im Training und unterrichte in den Kinder- und Zwergengruppen. Das macht mir viel Spa\u00df und ich denke, dass ich nach \u00fcber 20 Jahren auch eine gewisse Erfahrung darin habe. Die Gruppe der Jugendlichen wird gelegentlich von Andreas unterrichtet, aber \u00fcberwiegend von Michael. Er hat im Kindertraining bei mir mit Aikido angefangen, &hellip; <\/p>\n<p class=\"link-more\"><a href=\"https:\/\/aikido-sindelfingen.de\/?p=256\" class=\"more-link\"><span class=\"screen-reader-text\">\u201eWie geht es unseren Trainern?\u201c <\/span>weiterlesen<\/a><\/p>\n","protected":false},"author":1,"featured_media":241,"comment_status":"closed","ping_status":"closed","sticky":false,"template":"","format":"standard","meta":{"footnotes":""},"categories":[1],"tags":[],"class_list":["post-256","post","type-post","status-publish","format-standard","has-post-thumbnail","hentry","category-uncategorized"],"_links":{"self":[{"href":"https:\/\/aikido-sindelfingen.de\/index.php?rest_route=\/wp\/v2\/posts\/256","targetHints":{"allow":["GET"]}}],"collection":[{"href":"https:\/\/aikido-sindelfingen.de\/index.php?rest_route=\/wp\/v2\/posts"}],"about":[{"href":"https:\/\/aikido-sindelfingen.de\/index.php?rest_route=\/wp\/v2\/types\/post"}],"author":[{"embeddable":true,"href":"https:\/\/aikido-sindelfingen.de\/index.php?rest_route=\/wp\/v2\/users\/1"}],"replies":[{"embeddable":true,"href":"https:\/\/aikido-sindelfingen.de\/index.php?rest_route=%2Fwp%2Fv2%2Fcomments&post=256"}],"version-history":[{"count":28,"href":"https:\/\/aikido-sindelfingen.de\/index.php?rest_route=\/wp\/v2\/posts\/256\/revisions"}],"predecessor-version":[{"id":303,"href":"https:\/\/aikido-sindelfingen.de\/index.php?rest_route=\/wp\/v2\/posts\/256\/revisions\/303"}],"wp:featuredmedia":[{"embeddable":true,"href":"https:\/\/aikido-sindelfingen.de\/index.php?rest_route=\/wp\/v2\/media\/241"}],"wp:attachment":[{"href":"https:\/\/aikido-sindelfingen.de\/index.php?rest_route=%2Fwp%2Fv2%2Fmedia&parent=256"}],"wp:term":[{"taxonomy":"category","embeddable":true,"href":"https:\/\/aikido-sindelfingen.de\/index.php?rest_route=%2Fwp%2Fv2%2Fcategories&post=256"},{"taxonomy":"post_tag","embeddable":true,"href":"https:\/\/aikido-sindelfingen.de\/index.php?rest_route=%2Fwp%2Fv2%2Ftags&post=256"}],"curies":[{"name":"wp","href":"https:\/\/api.w.org\/{rel}","templated":true}]}}